{"id":6367,"date":"2025-03-08T15:35:45","date_gmt":"2025-03-08T18:35:45","guid":{"rendered":"http:\/\/www.camposaltos.mg.gov.br\/portal\/?p=6367"},"modified":"2025-03-08T15:35:45","modified_gmt":"2025-03-08T18:35:45","slug":"a-prefeitura-de-campos-altos-deu-inicio-a-reforma-do-ginasio-poliesportivo-dr-luiz-gonzaga-kalil-abraao","status":"publish","type":"post","link":"http:\/\/www.camposaltos.mg.gov.br\/portal\/2025\/03\/08\/a-prefeitura-de-campos-altos-deu-inicio-a-reforma-do-ginasio-poliesportivo-dr-luiz-gonzaga-kalil-abraao\/","title":{"rendered":"A Prefeitura de Campos Altos deu in\u00edcio \u00e0 reforma do Gin\u00e1sio Poliesportivo Dr. Luiz Gonzaga Kalil Abra\u00e3o"},"content":{"rendered":"<p style=\"text-align: justify;\">Um dos principais espa\u00e7os esportivos da cidade. Com um investimento de R$ 1 milh\u00e3o, a revitaliza\u00e7\u00e3o atende a uma demanda antiga da popula\u00e7\u00e3o e representa um importante avan\u00e7o para o incentivo ao esporte e a amplia\u00e7\u00e3o das op\u00e7\u00f5es de lazer no munic\u00edpio.<br \/>\nO prefeito Vicente de Paulo Mateus (Vicente da Venda), o vice-prefeito Frederico Nery, o secret\u00e1rio municipal de Governo, Jos\u00e9 Maria de Oliveira (Marimbondo), o chefe de gabinete, Wagner de Paulo Nascimento, o secret\u00e1rio de Obras e Servi\u00e7os Urbanos, Altair Berton, e o secret\u00e1rio de Esporte e Lazer, Jo\u00e3o Coragem, realizaram uma visita t\u00e9cnica ao gin\u00e1sio para acompanhar o in\u00edcio dos trabalhos e alinhar detalhes das melhorias. &#8220;Esse gin\u00e1sio faz parte da hist\u00f3ria da nossa cidade e merece ser um espa\u00e7o digno para os atletas e toda a comunidade&#8221;, destacou o prefeito Vicente da Venda.<br \/>\nA reforma prev\u00ea a recupera\u00e7\u00e3o completa da estrutura, incluindo melhorias na quadra poliesportiva, arquibancadas, ilumina\u00e7\u00e3o, banheiros, vesti\u00e1rios e adequa\u00e7\u00f5es para garantir acessibilidade. &#8220;Queremos que esse espa\u00e7o volte a ser palco de grandes eventos esportivos e culturais, valorizando o talento local e atraindo competi\u00e7\u00f5es regionais&#8221;, ressaltou o vice-prefeito Frederico Nery.<br \/>\nPara o secret\u00e1rio de Esporte e Lazer, Jo\u00e3o Coragem, a revitaliza\u00e7\u00e3o marca um novo ciclo para o esporte em Campos Altos. &#8220;A reestrutura\u00e7\u00e3o do gin\u00e1sio permitir\u00e1 o resgate de modalidades esportivas que se perderam ao longo do tempo, abrir\u00e1 espa\u00e7o para novos projetos e criar\u00e1 um ambiente mais seguro e confort\u00e1vel para todos que amam o esporte&#8221;, afirmou.<br \/>\nO andamento da reforma ser\u00e1 acompanhado de perto pela administra\u00e7\u00e3o municipal, e novas atualiza\u00e7\u00f5es ser\u00e3o divulgadas nos canais oficiais da Prefeitura de Campos Altos.<\/p>\n","protected":false},"excerpt":{"rendered":"<p>Um dos principais espa\u00e7os esportivos da cidade. Com um investimento de R$ 1 milh\u00e3o, a revitaliza\u00e7\u00e3o atende a uma demanda antiga da popula\u00e7\u00e3o e representa um importante avan\u00e7o para o incentivo ao esporte e a amplia\u00e7\u00e3o das op\u00e7\u00f5es de lazer no munic\u00edpio. O prefeito Vicente de Paulo Mateus (Vicente da Venda), o vice-prefeito Frederico Nery,&hellip;<\/p>","protected":false},"author":1,"featured_media":6368,"comment_status":"open","ping_status":"open","sticky":false,"template":"","format":"standard","meta":{"tdm_status":"","tdm_grid_status":"","footnotes":"","_disable_autopaging":false},"categories":[28],"tags":[],"post_folder":[],"class_list":{"0":"post-6367","1":"post","2":"type-post","3":"status-publish","4":"format-standard","5":"has-post-thumbnail","7":"category-esportes-lazer-cultura"},"amp_enabled":true,"_links":{"self":[{"href":"http:\/\/www.camposaltos.mg.gov.br\/portal\/wp-json\/wp\/v2\/posts\/6367","targetHints":{"allow":["GET"]}}],"collection":[{"href":"http:\/\/www.camposaltos.mg.gov.br\/portal\/wp-json\/wp\/v2\/posts"}],"about":[{"href":"http:\/\/www.camposaltos.mg.gov.br\/portal\/wp-json\/wp\/v2\/types\/post"}],"author":[{"embeddable":true,"href":"http:\/\/www.camposaltos.mg.gov.br\/portal\/wp-json\/wp\/v2\/users\/1"}],"replies":[{"embeddable":true,"href":"http:\/\/www.camposaltos.mg.gov.br\/portal\/wp-json\/wp\/v2\/comments?post=6367"}],"version-history":[{"count":0,"href":"http:\/\/www.camposaltos.mg.gov.br\/portal\/wp-json\/wp\/v2\/posts\/6367\/revisions"}],"wp:featuredmedia":[{"embeddable":true,"href":"http:\/\/www.camposaltos.mg.gov.br\/portal\/wp-json\/wp\/v2\/media\/6368"}],"wp:attachment":[{"href":"http:\/\/www.camposaltos.mg.gov.br\/portal\/wp-json\/wp\/v2\/media?parent=6367"}],"wp:term":[{"taxonomy":"category","embeddable":true,"href":"http:\/\/www.camposaltos.mg.gov.br\/portal\/wp-json\/wp\/v2\/categories?post=6367"},{"taxonomy":"post_tag","embeddable":true,"href":"http:\/\/www.camposaltos.mg.gov.br\/portal\/wp-json\/wp\/v2\/tags?post=6367"},{"taxonomy":"post_folder","embeddable":true,"href":"http:\/\/www.camposaltos.mg.gov.br\/portal\/wp-json\/wp\/v2\/post_folder?post=6367"}],"curies":[{"name":"wp","href":"https:\/\/api.w.org\/{rel}","templated":true}]}}