{"id":6754,"date":"2025-04-09T19:58:33","date_gmt":"2025-04-09T22:58:33","guid":{"rendered":"http:\/\/www.camposaltos.mg.gov.br\/portal\/?p=6754"},"modified":"2025-04-09T21:05:19","modified_gmt":"2025-04-10T00:05:19","slug":"100-dias-de-gestao-prefeitura-de-campos-altos-celebra-conquistas-e-avancos-para-a-populacao","status":"publish","type":"post","link":"http:\/\/www.camposaltos.mg.gov.br\/portal\/2025\/04\/09\/100-dias-de-gestao-prefeitura-de-campos-altos-celebra-conquistas-e-avancos-para-a-populacao\/","title":{"rendered":"100 Dias de Gest\u00e3o: Prefeitura de Campos Altos Celebra Conquistas e Avan\u00e7os para a Popula\u00e7\u00e3o"},"content":{"rendered":"<p style=\"text-align: justify;\">Os primeiros 100 dias da administra\u00e7\u00e3o do prefeito Vicente de Paulo Mateus (Vicente da Venda) e do vice-prefeito Frederico Nery foram marcados por uma s\u00e9rie de conquistas e melhorias significativas para Campos Altos. Com foco em infraestrutura, sa\u00fade, esporte e desenvolvimento econ\u00f4mico, a gest\u00e3o municipal tem trabalhado intensamente para transformar demandas antigas da popula\u00e7\u00e3o em realidade. Neste per\u00edodo, diversos projetos foram iniciados e outros avan\u00e7aram, refletindo o compromisso com o crescimento da cidade e o bem-estar dos moradores.<\/p>\n<p>Mas o que j\u00e1 foi feito at\u00e9 agora?<\/p>\n<p style=\"text-align: justify;\"><strong>Forma\u00e7\u00e3o do Secretariado <\/strong><\/p>\n<p style=\"text-align: justify;\">Uma das primeiras a\u00e7\u00f5es da nova administra\u00e7\u00e3o foi a <strong>escolha do secretariado<\/strong>, com profissionais capacitados para cada \u00e1rea. A equipe foi montada com o objetivo de melhorar a efici\u00eancia da gest\u00e3o e garantir avan\u00e7os em setores essenciais.<\/p>\n<p style=\"text-align: justify;\"><strong>Entre os principais nomes da equipe, destacam-se:<\/strong><\/p>\n<p style=\"text-align: justify;\"><strong>Secretaria de Administra\u00e7\u00e3o<\/strong> \u2013 Edvaldo Lemos Fernandes Silva<br \/>\n<strong>Secretaria de Sa\u00fade<\/strong> \u2013 Cynara K\u00eania Lemos de Paiva<\/p>\n<p style=\"text-align: justify;\"><strong>Secretaria de Educa\u00e7\u00e3o<\/strong> \u2013 Magda Maria Fuquisato da Silva<br \/>\n<strong>Secretaria de Obras e Servi\u00e7os Urbanos <\/strong>\u2013 Altair Berton<br \/>\n<strong>Secretaria mun. De desenvolvimento Social<\/strong>\u00a0\u2013 Maria Izabel Gon\u00e7alves Manequinha<\/p>\n<p style=\"text-align: justify;\"><strong>Secretaria de Meio Ambiente<\/strong>, <strong>Rural e Econ\u00f4mico<\/strong> \u2013 Carlos Alexandre Mendon\u00e7a<br \/>\n<strong>Secretaria de Esportes e Lazer<\/strong> \u2013 Jo\u00e3o Batista Rodrigues<\/p>\n<p style=\"text-align: justify;\"><strong>Secretaria de Cultura e Turismo<\/strong> \u2013 Adalberto Luciano Da Costa<\/p>\n<p style=\"text-align: justify;\"><strong>Secret\u00e1rio Municipal de Governo<\/strong> \u2013 Jos\u00e9 Maria de Oliveira<\/p>\n<p style=\"text-align: justify;\"><strong>Secret\u00e1rio Municipal da Fazenda<\/strong> \u2013 Paulo C\u00e9sar Lima<br \/>\n<strong>Procuradoria-Geral do Munic\u00edpio<\/strong> \u2013 Dra. Lorena Aparecida Gon\u00e7alves<\/p>\n<p style=\"text-align: justify;\"><strong>Chefe de Gabinete <\/strong>\u2013 Wagner De Paulo Nascimento<\/p>\n<p style=\"text-align: justify;\"><strong>Controlador Geral Do Munic\u00edpio<\/strong> \u2013 Igor Carvalho Cordeiro<\/p>\n<p style=\"text-align: justify;\"><strong>Assessor de Conv\u00eanios e Contratos <\/strong>\u2013 Jo\u00e3o Paulo Meireles Faustino<\/p>\n<p style=\"text-align: justify;\"><strong>Assessora Jur\u00eddica <\/strong>\u2013 Ana Maria De Souza<\/p>\n<p style=\"text-align: justify;\"><strong>Assessor de Comunica\u00e7\u00e3o<\/strong> \u2013 Gabriel dos Reis Batista<\/p>\n<p style=\"text-align: justify;\">O <strong>vice-prefeito Frederico Nery<\/strong> tem atuado ao lado do prefeito Vicente da Venda, participando diretamente de reuni\u00f5es estrat\u00e9gicas e auxiliando na coordena\u00e7\u00e3o de projetos voltados para infraestrutura e desenvolvimento econ\u00f4mico<\/p>\n<p style=\"text-align: center;\"><strong>Infraestrutura e Mobilidade Urbana: Novas Ruas, Estradas e Manuten\u00e7\u00e3o Vi\u00e1ria<\/strong><\/p>\n<p style=\"text-align: justify;\">A Prefeitura de Campos Altos tem investido fortemente na mobilidade urbana e na recupera\u00e7\u00e3o de vias p\u00fablicas. Entre as iniciativas, destaca-se a abertura de uma nova rua ao lado do F\u00f3rum, na \u00e1rea onde antes funcionava a Pra\u00e7a de Esportes. O projeto, idealizado pelo Executivo \u00e9 acompanhado pelos engenheiros da Prefeitura, est\u00e1 em fase de execu\u00e7\u00e3o e facilitar\u00e1 o tr\u00e1fego na regi\u00e3o.<\/p>\n<p style=\"text-align: justify;\">Al\u00e9m disso, a <strong>Opera\u00e7\u00e3o Tapa-Buracos<\/strong> foi intensificada, com servi\u00e7os realizados em diversas ruas e avenidas da cidade, priorizando as \u00e1reas mais impactadas. No meio rural, as estradas vicinais tamb\u00e9m receberam aten\u00e7\u00e3o especial, com obras de recupera\u00e7\u00e3o e manuten\u00e7\u00e3o que garantem melhores condi\u00e7\u00f5es para o transporte de moradores e para o escoamento da produ\u00e7\u00e3o agr\u00edcola, impulsionando o desenvolvimento local.<\/p>\n<p style=\"text-align: center;\"><strong>Sa\u00fade: Amplia\u00e7\u00e3o do Atendimento e Reconhecimento Estadual<\/strong><\/p>\n<p style=\"text-align: justify;\">A Prefeitura de Campos Altos est\u00e1 construindo um abrigo para res\u00edduos s\u00f3lidos que atender\u00e1 o <strong>Posto de Atendimento M\u00e9dico (PAM)<\/strong> e o <strong>Laborat\u00f3rio Municipal<\/strong>, ambos localizados no anexo da <strong>Santa Casa<\/strong>. O novo espa\u00e7o seguir\u00e1 rigorosamente as normas sanit\u00e1rias e ambientais, garantindo o descarte seguro e adequado de materiais hospitalares.<\/p>\n<p style=\"text-align: justify;\">A iniciativa tem como objetivo melhorar as condi\u00e7\u00f5es de higiene e seguran\u00e7a no local, reduzindo riscos \u00e0 sa\u00fade p\u00fablica e ao meio ambiente. As obras est\u00e3o sendo executadas sem interferir nos atendimentos, e a popula\u00e7\u00e3o j\u00e1 percebe os benef\u00edcios dessa melhoria na infraestrutura da sa\u00fade municipal.<\/p>\n<p style=\"text-align: justify;\">A administra\u00e7\u00e3o refor\u00e7a que essa \u00e9 mais uma a\u00e7\u00e3o dentro de um conjunto de investimentos para fortalecer os servi\u00e7os de sa\u00fade em Campos Altos, proporcionando mais efici\u00eancia e qualidade no atendimento \u00e0 popula\u00e7\u00e3o.<\/p>\n<p style=\"text-align: justify;\">Ainda na \u00e1rea da sa\u00fade, um dos grandes avan\u00e7os foi a reta final da constru\u00e7\u00e3o do <strong>PSF 3 no bairro Camposaltinho<\/strong>, que em breve estar\u00e1 pronto para atender a popula\u00e7\u00e3o com mais qualidade e conforto. O novo espa\u00e7o ampliar\u00e1 os servi\u00e7os de aten\u00e7\u00e3o b\u00e1sica, oferecendo um atendimento mais acess\u00edvel e humanizado aos moradores da regi\u00e3o.<\/p>\n<p style=\"text-align: justify;\">Outro destaque foi a conquista do <strong>Selo Prata de Vacina\u00e7\u00e3o<\/strong>, uma certifica\u00e7\u00e3o estadual que reconhece Campos Altos pelo excelente desempenho nas a\u00e7\u00f5es de imuniza\u00e7\u00e3o. Esse reconhecimento reflete o comprometimento da equipe de sa\u00fade e a efetividade das campanhas de vacina\u00e7\u00e3o promovidas pela Prefeitura.<\/p>\n<p style=\"text-align: justify;\"><strong>Durante visita oficial a Uberaba<\/strong>, o prefeito de Campos Altos, Vicente de Paulo Mateus (Vicente da Venda), anunciou, ao lado da prefeita Elisa Ara\u00fajo e do deputado estadual Bosco, a conquista de uma ambul\u00e2ncia que ser\u00e1 destinada \u00e0 futura implanta\u00e7\u00e3o do servi\u00e7o do SAMU no munic\u00edpio. A comitiva de Campos Altos contou ainda com a presen\u00e7a do secret\u00e1rio de Governo, Jos\u00e9 Maria de Oliveira (Marimbondo), e do chefe de gabinete, Wagner de Paulo Nascimento.<\/p>\n<p style=\"text-align: justify;\">A chegada do ve\u00edculo representa um passo importante para a estrutura\u00e7\u00e3o do servi\u00e7o de urg\u00eancia e emerg\u00eancia na cidade. Segundo o prefeito, a conquista da ambul\u00e2ncia \u00e9 um avan\u00e7o significativo e demonstra o compromisso da gest\u00e3o atual em garantir um sistema de sa\u00fade mais eficiente. A Prefeitura segue trabalhando para que a implanta\u00e7\u00e3o completa do SAMU ocorra o quanto antes, ampliando o acesso da popula\u00e7\u00e3o a atendimentos r\u00e1pidos e de qualidade.<\/p>\n<p style=\"text-align: center;\"><strong>Esporte, Cultura e Lazer: Investimentos e Grandes Eventos<\/strong><\/p>\n<p style=\"text-align: justify;\">A valoriza\u00e7\u00e3o do esporte tamb\u00e9m \u00e9 uma prioridade da atual gest\u00e3o. O <strong>Gin\u00e1sio Poliesportivo Dr. Luiz Gonzaga Kalil Abra\u00e3o<\/strong> est\u00e1 passando por uma ampla reforma, com um investimento que ultrapassa R$ 1 milh\u00e3o. A revitaliza\u00e7\u00e3o deste espa\u00e7o atende a uma demanda antiga dos esportistas locais e proporcionar\u00e1 mais estrutura para a realiza\u00e7\u00e3o de eventos e atividades esportivas. A conclus\u00e3o das obras est\u00e1 prevista para 2026.<\/p>\n<p style=\"text-align: center;\"><strong>A Prefeitura de Campos Altos anunciou que, em breve, ter\u00e1 in\u00edcio a t\u00e3o aguardada reforma do Est\u00e1dio Municipal Quinzinho Nery<\/strong>.<\/p>\n<p style=\"text-align: justify;\">A decis\u00e3o foi oficializada ap\u00f3s uma visita t\u00e9cnica realizada por autoridades municipais, que avaliaram as necessidades mais urgentes do espa\u00e7o esportivo. O objetivo da interven\u00e7\u00e3o \u00e9 modernizar a estrutura e oferecer mais conforto e seguran\u00e7a para atletas e torcedores.<\/p>\n<p style=\"text-align: justify;\">Entre as melhorias previstas est\u00e3o a revitaliza\u00e7\u00e3o completa do gramado, a reforma dos vesti\u00e1rios e a restri\u00e7\u00e3o de \u00e1reas complementares ao est\u00e1dio. A faz iniciativa parte de um plano de incentivo ao esporte local, que visa ampliar o acesso da comunidade \u00e0s pr\u00e1ticas esportivas e valorizar os espa\u00e7os p\u00fablicos. Segundo a prefeitura, as obras come\u00e7ar\u00e3o nos pr\u00f3ximos meses.<\/p>\n<p style=\"text-align: justify;\">Ainda no campo esportivo, o <strong>Tofefus 2025<\/strong> foi um dos destaques deste in\u00edcio de gest\u00e3o, sendo marcado pela maior premia\u00e7\u00e3o da hist\u00f3ria do torneio. O evento esportivo reuniu equipes de toda a regi\u00e3o, promovendo jogos eletrizantes e consolidando Campos Altos como refer\u00eancia no incentivo ao esporte.<\/p>\n<p style=\"text-align: justify;\">Na cultura, o <strong>Carnaval de Rua de Campos Altos 2025<\/strong> foi um grande sucesso, atraindo foli\u00f5es de v\u00e1rias cidades vizinhas. O evento contou com blocos caricatos, DJs, bandas in\u00e9ditas e as tradicionais marchinhas, garantindo uma festa vibrante. Al\u00e9m disso, uma homenagem especial foi feita ao eterno Sinval Cordeiro, celebrando sua import\u00e2ncia para a cultura local.<\/p>\n<p style=\"text-align: justify;\">Nos primeiros 100 dias de gest\u00e3o, a Prefeitura de Campos Altos tem demonstrado avan\u00e7os significativos em diversas \u00e1reas, reafirmando seu compromisso com o desenvolvimento do munic\u00edpio. Na cultura, esse empenho se traduz no apoio e na valoriza\u00e7\u00e3o de manifesta\u00e7\u00f5es tradicionais, como o 41\u00ba Encontro de Folias de Santos Reis, e na implementa\u00e7\u00e3o da Lei Aldir Blanc, que est\u00e1 beneficiando artistas e espa\u00e7os culturais locais.<\/p>\n<p style=\"text-align: justify;\">A administra\u00e7\u00e3o tem investido na transpar\u00eancia e no fortalecimento da participa\u00e7\u00e3o popular, promovendo di\u00e1logos com diferentes segmentos da sociedade civil para garantir que as a\u00e7\u00f5es culturais atendam \u00e0s reais necessidades da popula\u00e7\u00e3o. Documentos essenciais, como atas de oitivas e planos de a\u00e7\u00e3o, foram disponibilizados publicamente, refor\u00e7ando a gest\u00e3o participativa e o compromisso com a democratiza\u00e7\u00e3o do acesso \u00e0 cultura.<\/p>\n<p style=\"text-align: justify;\">Outro avan\u00e7o importante foi a libera\u00e7\u00e3o do recurso da Lei Aldir Blanc 2, que garantir\u00e1 um novo ciclo de incentivos para os agentes culturais do munic\u00edpio. Essa nova fase de investimento representa um marco na valoriza\u00e7\u00e3o da cultura local, permitindo que artistas e espa\u00e7os culturais expandam suas atividades e alcancem um p\u00fablico ainda maior. Com isso, Campos Altos reafirma seu compromisso com a preserva\u00e7\u00e3o das tradi\u00e7\u00f5es e com a cria\u00e7\u00e3o de novas oportunidades para o setor cultural.<\/p>\n<p style=\"text-align: justify;\">Al\u00e9m disso, a Prefeitura j\u00e1 se prepara para um grande evento em homenagem ao Dia do Trabalhador. No dia 1\u00ba de maio, ser\u00e1 realizada uma mega festa com atra\u00e7\u00f5es ao longo de todo o dia, proporcionando lazer e entretenimento para a popula\u00e7\u00e3o. A programa\u00e7\u00e3o contar\u00e1 com apresenta\u00e7\u00f5es culturais, atividades recreativas e diversas surpresas para celebrar essa data especial.<\/p>\n<p style=\"text-align: justify;\">Ao longo deste per\u00edodo, a Prefeitura segue alinhada com o objetivo de fortalecer a identidade cultural de Campos Altos, garantindo que os eventos tradicionais tenham a estrutura e o suporte necess\u00e1rios para continuar crescendo. A meta \u00e9 consolidar uma pol\u00edtica cultural s\u00f3lida, que valorize o passado, promova o presente e construa um futuro ainda mais din\u00e2mico para as manifesta\u00e7\u00f5es art\u00edsticas e culturais do munic\u00edpio.<\/p>\n<p style=\"text-align: center;\"><strong>Meio Ambiente: Novo Modelo de Coleta de Lixo<\/strong><\/p>\n<p style=\"text-align: justify;\">Mais um avan\u00e7o importante foi a mudan\u00e7a no sistema de coleta de lixo. Antes, os res\u00edduos eram depositados no formato &#8220;ilha&#8221; nas esquinas, gerando transtornos para os moradores. Agora, a coleta \u00e9 feita diretamente das lixeiras, um novo modelo que melhora a limpeza urbana e oferece mais efici\u00eancia e comodidade. A iniciativa foi realizada em parceria com a empresa <strong>ADL Solu\u00e7\u00f5es Engenharia<\/strong>.<\/p>\n<p style=\"text-align: center;\"><strong>\u00a0<\/strong><strong>Desenvolvimento Econ\u00f4mico: Cemig Agro e Moradia Popular<\/strong><\/p>\n<p style=\"text-align: justify;\">O desenvolvimento econ\u00f4mico tamb\u00e9m teve avan\u00e7os significativos nesses primeiros 100 dias. Uma das grandes conquistas foi a chegada do <strong>Cemig Agro<\/strong> a Campos Altos. Esse projeto, viabilizado por meio de articula\u00e7\u00f5es da administra\u00e7\u00e3o municipal junto \u00e0 presid\u00eancia da Cemig e com apoio do deputado Bosco, fortalece a agricultura local, garantindo aos produtores rurais acesso a suporte t\u00e9cnico especializado e novas oportunidades de crescimento.<\/p>\n<p style=\"text-align: justify;\">Outra not\u00edcia positiva foi a libera\u00e7\u00e3o de recursos junto ao <strong>Minist\u00e9rio das Cidades<\/strong> para a finaliza\u00e7\u00e3o do <strong>Residencial com 50 casas populares<\/strong>. O empreendimento, localizado ao lado do Bairro Ros\u00e1ria Fernandes, estava paralisado h\u00e1 anos e, com essa conquista, finalmente ser\u00e1 conclu\u00eddo, proporcionando moradia digna para dezenas de fam\u00edlias do munic\u00edpio.<\/p>\n<p style=\"text-align: center;\"><strong>Gest\u00e3o e Articula\u00e7\u00e3o Pol\u00edtica: Reuni\u00f5es e Novos Desafios<\/strong><\/p>\n<p style=\"text-align: justify;\">A administra\u00e7\u00e3o municipal tem se destacado pela intensa articula\u00e7\u00e3o pol\u00edtica em busca de investimentos para Campos Altos. Reuni\u00f5es estrat\u00e9gicas foram realizadas com \u00f3rg\u00e3os estaduais e federais para viabilizar novos projetos e captar recursos para \u00e1reas essenciais como sa\u00fade, infraestrutura e educa\u00e7\u00e3o.<\/p>\n<p style=\"text-align: justify;\">Os desafios para os pr\u00f3ximos meses incluem a continuidade das obras em andamento, a amplia\u00e7\u00e3o de programas voltados para o social e a busca por novas parcerias que impulsionem ainda mais o crescimento do munic\u00edpio. O compromisso da gest\u00e3o \u00e9 manter o ritmo de trabalho e seguir atendendo \u00e0s demandas da popula\u00e7\u00e3o com efici\u00eancia e responsabilidade.<\/p>\n<p style=\"text-align: justify;\">Com apenas 100 dias, Campos Altos j\u00e1 sente os impactos positivos de uma administra\u00e7\u00e3o comprometida com o progresso e a qualidade de vida dos cidad\u00e3os. E o trabalho continua!<\/p>\n<p style=\"text-align: justify;\">E vem muito mais por a\u00ed!<\/p>\n<p style=\"text-align: justify;\">A Prefeitura de Campos Altos segue comprometida em impulsionar o desenvolvimento cultural, social e econ\u00f4mico do munic\u00edpio. Novas a\u00e7\u00f5es e projetos est\u00e3o sendo planejados para fortalecer ainda mais a cultura local e oferecer mais oportunidades para a popula\u00e7\u00e3o. Fique atento \u00e0s novidades!<\/p>\n<p style=\"text-align: justify;\"><strong>\u00a0<\/strong>A gest\u00e3o do prefeito <strong>Vicente da Venda<\/strong> e do vice-prefeito <strong>Frederico Nery<\/strong> reconhece que cada conquista desses primeiros 100 dias s\u00f3 foi poss\u00edvel gra\u00e7as ao empenho e dedica\u00e7\u00e3o de toda a equipe administrativa. O comprometimento dos secret\u00e1rios municipais, servidores p\u00fablicos e parceiros foi fundamental para transformar projetos em realidade e garantir avan\u00e7os significativos para Campos Altos. A colabora\u00e7\u00e3o entre as diversas secretarias resultou em melhorias concretas para a cidade, refletindo o esp\u00edrito de uni\u00e3o e trabalho em prol do bem comum.<\/p>\n<p style=\"text-align: justify;\">Diante desses avan\u00e7os, a administra\u00e7\u00e3o municipal expressa sua gratid\u00e3o a todos que, com esfor\u00e7o e profissionalismo, contribu\u00edram para esse ciclo de realiza\u00e7\u00f5es. O prefeito Vicente da Venda e o vice-prefeito Frederico Nery refor\u00e7am o compromisso de seguir trabalhando com transpar\u00eancia, planejamento e dedica\u00e7\u00e3o para que Campos Altos continue avan\u00e7ando. Os desafios s\u00e3o grandes, mas a vontade de fazer a diferen\u00e7a \u00e9 ainda maior. Juntos, seguimos construindo um futuro promissor para nossa cidade!<\/p>\n","protected":false},"excerpt":{"rendered":"<p>Os primeiros 100 dias da administra\u00e7\u00e3o do prefeito Vicente de Paulo Mateus (Vicente da Venda) e do vice-prefeito Frederico Nery foram marcados por uma s\u00e9rie de conquistas e melhorias significativas para Campos Altos. Com foco em infraestrutura, sa\u00fade, esporte e desenvolvimento econ\u00f4mico, a gest\u00e3o municipal tem trabalhado intensamente para transformar demandas antigas da popula\u00e7\u00e3o em&hellip;<\/p>","protected":false},"author":1,"featured_media":6755,"comment_status":"open","ping_status":"open","sticky":false,"template":"","format":"standard","meta":{"tdm_status":"","tdm_grid_status":"","footnotes":"","_disable_autopaging":false},"categories":[30],"tags":[],"post_folder":[],"class_list":{"0":"post-6754","1":"post","2":"type-post","3":"status-publish","4":"format-standard","5":"has-post-thumbnail","7":"category-gabinete-do-prefeito"},"amp_enabled":true,"_links":{"self":[{"href":"http:\/\/www.camposaltos.mg.gov.br\/portal\/wp-json\/wp\/v2\/posts\/6754","targetHints":{"allow":["GET"]}}],"collection":[{"href":"http:\/\/www.camposaltos.mg.gov.br\/portal\/wp-json\/wp\/v2\/posts"}],"about":[{"href":"http:\/\/www.camposaltos.mg.gov.br\/portal\/wp-json\/wp\/v2\/types\/post"}],"author":[{"embeddable":true,"href":"http:\/\/www.camposaltos.mg.gov.br\/portal\/wp-json\/wp\/v2\/users\/1"}],"replies":[{"embeddable":true,"href":"http:\/\/www.camposaltos.mg.gov.br\/portal\/wp-json\/wp\/v2\/comments?post=6754"}],"version-history":[{"count":0,"href":"http:\/\/www.camposaltos.mg.gov.br\/portal\/wp-json\/wp\/v2\/posts\/6754\/revisions"}],"wp:featuredmedia":[{"embeddable":true,"href":"http:\/\/www.camposaltos.mg.gov.br\/portal\/wp-json\/wp\/v2\/media\/6755"}],"wp:attachment":[{"href":"http:\/\/www.camposaltos.mg.gov.br\/portal\/wp-json\/wp\/v2\/media?parent=6754"}],"wp:term":[{"taxonomy":"category","embeddable":true,"href":"http:\/\/www.camposaltos.mg.gov.br\/portal\/wp-json\/wp\/v2\/categories?post=6754"},{"taxonomy":"post_tag","embeddable":true,"href":"http:\/\/www.camposaltos.mg.gov.br\/portal\/wp-json\/wp\/v2\/tags?post=6754"},{"taxonomy":"post_folder","embeddable":true,"href":"http:\/\/www.camposaltos.mg.gov.br\/portal\/wp-json\/wp\/v2\/post_folder?post=6754"}],"curies":[{"name":"wp","href":"https:\/\/api.w.org\/{rel}","templated":true}]}}