{"id":7523,"date":"2026-01-26T16:05:25","date_gmt":"2026-01-26T19:05:25","guid":{"rendered":"http:\/\/www.camposaltos.mg.gov.br\/portal\/?p=7523"},"modified":"2026-01-26T16:15:00","modified_gmt":"2026-01-26T19:15:00","slug":"r-28-milhoes-garantidos-para-recapeamento-da-avenida-jose-bueno-de-paula","status":"publish","type":"post","link":"http:\/\/www.camposaltos.mg.gov.br\/portal\/2026\/01\/26\/r-28-milhoes-garantidos-para-recapeamento-da-avenida-jose-bueno-de-paula\/","title":{"rendered":"R$ 2,8 milh\u00f5es garantidos para recapeamento da Avenida Jos\u00e9 Bueno de Paula"},"content":{"rendered":"<p><em>Obra tamb\u00e9m prev\u00ea troca completa das manilhas da rede pluvial para melhorar a drenagem e o escoamento das \u00e1guas<\/em><\/p>\n<p style=\"text-align: justify;\">A Prefeitura de Campos Altos confirmou a libera\u00e7\u00e3o de <strong>R$ 2,8 milh\u00f5es<\/strong> para a execu\u00e7\u00e3o do recapeamento do trecho restante da <strong>Avenida Jos\u00e9 Bueno de Paula<\/strong>, uma das principais vias do munic\u00edpio.<\/p>\n<p style=\"text-align: justify;\">Os recursos foram viabilizados por meio de articula\u00e7\u00e3o institucional junto ao deputado estadual <strong>Bosco<\/strong>, com participa\u00e7\u00e3o do <strong>Secret\u00e1rio Municipal de Governo<\/strong>, que acompanhou as tratativas e o alinhamento necess\u00e1rio para garantir o aporte financeiro destinado \u00e0 obra. Al\u00e9m do recapeamento, o projeto prev\u00ea a <strong>substitui\u00e7\u00e3o de todas as manilhas da rede pluvial<\/strong>, com o objetivo de corrigir falhas no sistema de drenagem e melhorar o escoamento das \u00e1guas.<\/p>\n<p style=\"text-align: justify;\">A administra\u00e7\u00e3o municipal informou que ir\u00e1 aguardar o cumprimento de todos os <strong>tr\u00e2mites legais e administrativos<\/strong> para dar in\u00edcio \u00e0s obras, seguindo o planejamento t\u00e9cnico estabelecido para a execu\u00e7\u00e3o dos servi\u00e7os.<\/p>\n<p style=\"text-align: justify;\"><strong>Prefeitura de Campos Altos \u2013 Construindo o Futuro<\/strong><\/p>\n","protected":false},"excerpt":{"rendered":"<p>Obra tamb\u00e9m prev\u00ea troca completa das manilhas da rede pluvial para melhorar a drenagem e o escoamento das \u00e1guas A Prefeitura de Campos Altos confirmou a libera\u00e7\u00e3o de R$ 2,8 milh\u00f5es para a execu\u00e7\u00e3o do recapeamento do trecho restante da Avenida Jos\u00e9 Bueno de Paula, uma das principais vias do munic\u00edpio. Os recursos foram viabilizados&hellip;<\/p>","protected":false},"author":1,"featured_media":7524,"comment_status":"open","ping_status":"open","sticky":false,"template":"","format":"standard","meta":{"tdm_status":"","tdm_grid_status":"","footnotes":"","_disable_autopaging":false},"categories":[25],"tags":[],"post_folder":[],"class_list":{"0":"post-7523","1":"post","2":"type-post","3":"status-publish","4":"format-standard","5":"has-post-thumbnail","7":"category-obras-e-transportes"},"amp_enabled":true,"_links":{"self":[{"href":"http:\/\/www.camposaltos.mg.gov.br\/portal\/wp-json\/wp\/v2\/posts\/7523","targetHints":{"allow":["GET"]}}],"collection":[{"href":"http:\/\/www.camposaltos.mg.gov.br\/portal\/wp-json\/wp\/v2\/posts"}],"about":[{"href":"http:\/\/www.camposaltos.mg.gov.br\/portal\/wp-json\/wp\/v2\/types\/post"}],"author":[{"embeddable":true,"href":"http:\/\/www.camposaltos.mg.gov.br\/portal\/wp-json\/wp\/v2\/users\/1"}],"replies":[{"embeddable":true,"href":"http:\/\/www.camposaltos.mg.gov.br\/portal\/wp-json\/wp\/v2\/comments?post=7523"}],"version-history":[{"count":0,"href":"http:\/\/www.camposaltos.mg.gov.br\/portal\/wp-json\/wp\/v2\/posts\/7523\/revisions"}],"wp:featuredmedia":[{"embeddable":true,"href":"http:\/\/www.camposaltos.mg.gov.br\/portal\/wp-json\/wp\/v2\/media\/7524"}],"wp:attachment":[{"href":"http:\/\/www.camposaltos.mg.gov.br\/portal\/wp-json\/wp\/v2\/media?parent=7523"}],"wp:term":[{"taxonomy":"category","embeddable":true,"href":"http:\/\/www.camposaltos.mg.gov.br\/portal\/wp-json\/wp\/v2\/categories?post=7523"},{"taxonomy":"post_tag","embeddable":true,"href":"http:\/\/www.camposaltos.mg.gov.br\/portal\/wp-json\/wp\/v2\/tags?post=7523"},{"taxonomy":"post_folder","embeddable":true,"href":"http:\/\/www.camposaltos.mg.gov.br\/portal\/wp-json\/wp\/v2\/post_folder?post=7523"}],"curies":[{"name":"wp","href":"https:\/\/api.w.org\/{rel}","templated":true}]}}