{"id":7616,"date":"2026-03-18T10:13:37","date_gmt":"2026-03-18T13:13:37","guid":{"rendered":"http:\/\/www.camposaltos.mg.gov.br\/portal\/?p=7616"},"modified":"2026-03-18T10:13:37","modified_gmt":"2026-03-18T13:13:37","slug":"rua-danificada-pelas-fortes-chuvas-em-campos-altos-recebera-mais-de-r-1-milhao-em-obras","status":"publish","type":"post","link":"http:\/\/www.camposaltos.mg.gov.br\/portal\/2026\/03\/18\/rua-danificada-pelas-fortes-chuvas-em-campos-altos-recebera-mais-de-r-1-milhao-em-obras\/","title":{"rendered":"Rua danificada pelas fortes chuvas em Campos Altos receber\u00e1 mais de R$ 1 milh\u00e3o em obras"},"content":{"rendered":"<p style=\"text-align: justify;\">\u00a0 \u00a0 \u00a0 \u00a0 \u00a0A Rua Vitorino Wagner, localizada no bairro Nossa Senhora Aparecida, em Campos Altos, dever\u00e1 receber em breve uma importante interven\u00e7\u00e3o de infraestrutura. A via \u00e9 conhecida por enfrentar problemas recorrentes durante o per\u00edodo chuvoso, situa\u00e7\u00e3o que h\u00e1 anos provoca transtornos aos moradores da regi\u00e3o.<\/p>\n<p style=\"text-align: justify;\">\n<p style=\"text-align: justify;\">\u00a0 \u00a0 \u00a0 \u00a0 Diante desse cen\u00e1rio, a Prefeitura de Campos Altos elaborou um projeto t\u00e9cnico em conjunto com a Defesa Civil, buscando recursos para a execu\u00e7\u00e3o de uma obra mais ampla e definitiva no local. A iniciativa resultou na capta\u00e7\u00e3o de aproximadamente R$ 800 mil junto \u00e0 Defesa Civil Nacional, valor que ser\u00e1 destinado \u00e0s interven\u00e7\u00f5es de drenagem e recupera\u00e7\u00e3o da via.<\/p>\n<p style=\"text-align: justify;\">\u00a0 \u00a0 \u00a0 \u00a0 Al\u00e9m dos recursos federais, o munic\u00edpio tamb\u00e9m participar\u00e1 do investimento com mais de R$ 200 mil em recursos pr\u00f3prios, totalizando um montante superior a R$ 1 milh\u00e3o para a realiza\u00e7\u00e3o das obras.<\/p>\n<p style=\"text-align: justify;\">\u00a0 \u00a0 \u00a0 \u00a0Diferente das manuten\u00e7\u00f5es paliativas realizadas em anos anteriores, o servi\u00e7o previsto contempla a reconstru\u00e7\u00e3o completa da rede de drenagem pluvial, com a implanta\u00e7\u00e3o de estruturas adequadas para o escoamento da \u00e1gua da chuva. A proposta \u00e9 atuar diretamente na origem do problema, proporcionando uma solu\u00e7\u00e3o duradoura para um problema antigo enfrentado pelos moradores da regi\u00e3o.<\/p>\n<p style=\"text-align: justify;\">\u00a0 \u00a0 \u00a0A obra j\u00e1 est\u00e1 devidamente autorizada e aguarda apenas a conclus\u00e3o do processo de licita\u00e7\u00e3o para que os trabalhos sejam iniciados. A expectativa \u00e9 que a interven\u00e7\u00e3o traga mais seguran\u00e7a, melhores condi\u00e7\u00f5es de mobilidade e mais tranquilidade para os moradores da regi\u00e3o, principalmente durante o per\u00edodo chuvoso.<\/p>\n<p style=\"text-align: justify;\">\u00a0 \u00a0 \u00a0Outro ponto destacado \u00e9 que a Defesa Civil do munic\u00edpio passou por um processo de reestrutura\u00e7\u00e3o, fortalecendo a atua\u00e7\u00e3o t\u00e9cnica e a capacidade de articula\u00e7\u00e3o para a busca de recursos e solu\u00e7\u00f5es para situa\u00e7\u00f5es de risco. Com isso, projetos voltados \u00e0 preven\u00e7\u00e3o e \u00e0 recupera\u00e7\u00e3o de \u00e1reas afetadas por chuvas passam a ter mais condi\u00e7\u00f5es de avan\u00e7ar.<\/p>\n<p style=\"text-align: justify;\">\n<p style=\"text-align: justify;\">Secretaria Municipal de Obras e Servi\u00e7os Urbanos<\/p>\n<p style=\"text-align: justify;\">Prefeitura de Campos Altos \u2014 Construindo o Futuro<\/p>\n","protected":false},"excerpt":{"rendered":"<p>\u00a0 \u00a0 \u00a0 \u00a0 \u00a0A Rua Vitorino Wagner, localizada no bairro Nossa Senhora Aparecida, em Campos Altos, dever\u00e1 receber em breve uma importante interven\u00e7\u00e3o de infraestrutura. A via \u00e9 conhecida por enfrentar problemas recorrentes durante o per\u00edodo chuvoso, situa\u00e7\u00e3o que h\u00e1 anos provoca transtornos aos moradores da regi\u00e3o. \u00a0 \u00a0 \u00a0 \u00a0 Diante desse cen\u00e1rio,&hellip;<\/p>","protected":false},"author":1,"featured_media":7617,"comment_status":"open","ping_status":"open","sticky":false,"template":"","format":"standard","meta":{"tdm_status":"","tdm_grid_status":"","footnotes":"","_disable_autopaging":false},"categories":[25],"tags":[],"post_folder":[],"class_list":{"0":"post-7616","1":"post","2":"type-post","3":"status-publish","4":"format-standard","5":"has-post-thumbnail","7":"category-obras-e-transportes"},"amp_enabled":true,"_links":{"self":[{"href":"http:\/\/www.camposaltos.mg.gov.br\/portal\/wp-json\/wp\/v2\/posts\/7616","targetHints":{"allow":["GET"]}}],"collection":[{"href":"http:\/\/www.camposaltos.mg.gov.br\/portal\/wp-json\/wp\/v2\/posts"}],"about":[{"href":"http:\/\/www.camposaltos.mg.gov.br\/portal\/wp-json\/wp\/v2\/types\/post"}],"author":[{"embeddable":true,"href":"http:\/\/www.camposaltos.mg.gov.br\/portal\/wp-json\/wp\/v2\/users\/1"}],"replies":[{"embeddable":true,"href":"http:\/\/www.camposaltos.mg.gov.br\/portal\/wp-json\/wp\/v2\/comments?post=7616"}],"version-history":[{"count":0,"href":"http:\/\/www.camposaltos.mg.gov.br\/portal\/wp-json\/wp\/v2\/posts\/7616\/revisions"}],"wp:featuredmedia":[{"embeddable":true,"href":"http:\/\/www.camposaltos.mg.gov.br\/portal\/wp-json\/wp\/v2\/media\/7617"}],"wp:attachment":[{"href":"http:\/\/www.camposaltos.mg.gov.br\/portal\/wp-json\/wp\/v2\/media?parent=7616"}],"wp:term":[{"taxonomy":"category","embeddable":true,"href":"http:\/\/www.camposaltos.mg.gov.br\/portal\/wp-json\/wp\/v2\/categories?post=7616"},{"taxonomy":"post_tag","embeddable":true,"href":"http:\/\/www.camposaltos.mg.gov.br\/portal\/wp-json\/wp\/v2\/tags?post=7616"},{"taxonomy":"post_folder","embeddable":true,"href":"http:\/\/www.camposaltos.mg.gov.br\/portal\/wp-json\/wp\/v2\/post_folder?post=7616"}],"curies":[{"name":"wp","href":"https:\/\/api.w.org\/{rel}","templated":true}]}}