{"id":7622,"date":"2026-03-18T10:20:09","date_gmt":"2026-03-18T13:20:09","guid":{"rendered":"http:\/\/www.camposaltos.mg.gov.br\/portal\/?p=7622"},"modified":"2026-03-18T10:20:09","modified_gmt":"2026-03-18T13:20:09","slug":"lei-de-parcelamento-de-dividas-municipais","status":"publish","type":"post","link":"http:\/\/www.camposaltos.mg.gov.br\/portal\/2026\/03\/18\/lei-de-parcelamento-de-dividas-municipais\/","title":{"rendered":"LEI DE PARCELAMENTO DE D\u00cdVIDAS MUNICIPAIS"},"content":{"rendered":"<p style=\"text-align: justify;\">A Prefeitura de Campos Altos informa que j\u00e1 est\u00e1 em vigor a nova Lei de Parcelamento de Cr\u00e9ditos Tribut\u00e1rios e N\u00e3o Tribut\u00e1rios, uma oportunidade para que contribuintes regularizem d\u00e9bitos junto ao munic\u00edpio, estejam eles inscritos ou n\u00e3o em D\u00edvida Ativa.<\/p>\n<p style=\"text-align: justify;\">A legisla\u00e7\u00e3o oferece condi\u00e7\u00f5es especiais para a quita\u00e7\u00e3o das pend\u00eancias. Quem optar pelo pagamento \u00e0 vista ou em at\u00e9 seis parcelas ter\u00e1 <strong>100% de desconto em juros e multas<\/strong>. Tamb\u00e9m h\u00e1 a possibilidade de parcelamento em at\u00e9 <strong>30 vezes<\/strong>, com descontos progressivos aplicados conforme a quantidade de parcelas escolhidas.<\/p>\n<p style=\"text-align: justify;\">A iniciativa busca facilitar a regulariza\u00e7\u00e3o fiscal dos contribuintes, oferecendo alternativas que permitem colocar a situa\u00e7\u00e3o em dia com condi\u00e7\u00f5es acess\u00edveis. Al\u00e9m de beneficiar o cidad\u00e3o, a medida tamb\u00e9m contribui para a organiza\u00e7\u00e3o financeira do munic\u00edpio.<\/p>\n<p style=\"text-align: justify;\">Os interessados em aderir ao programa devem procurar o <strong>Setor de Tributos da Prefeitura de Campos Altos<\/strong>. O prazo para ades\u00e3o vai at\u00e9 <strong>31 de julho de 2026<\/strong>.<\/p>\n<p>&nbsp;<\/p>\n<p><strong>Prefeitura de Campos Altos \u2014 Construindo o Futuro<\/strong><\/p>\n","protected":false},"excerpt":{"rendered":"<p>A Prefeitura de Campos Altos informa que j\u00e1 est\u00e1 em vigor a nova Lei de Parcelamento de Cr\u00e9ditos Tribut\u00e1rios e N\u00e3o Tribut\u00e1rios, uma oportunidade para que contribuintes regularizem d\u00e9bitos junto ao munic\u00edpio, estejam eles inscritos ou n\u00e3o em D\u00edvida Ativa. A legisla\u00e7\u00e3o oferece condi\u00e7\u00f5es especiais para a quita\u00e7\u00e3o das pend\u00eancias. Quem optar pelo pagamento \u00e0&hellip;<\/p>","protected":false},"author":1,"featured_media":7623,"comment_status":"open","ping_status":"open","sticky":false,"template":"","format":"standard","meta":{"tdm_status":"","tdm_grid_status":"","footnotes":"","_disable_autopaging":false},"categories":[105,30],"tags":[],"post_folder":[],"class_list":{"0":"post-7622","1":"post","2":"type-post","3":"status-publish","4":"format-standard","5":"has-post-thumbnail","7":"category-desenvolvimento-social","8":"category-gabinete-do-prefeito"},"amp_enabled":true,"_links":{"self":[{"href":"http:\/\/www.camposaltos.mg.gov.br\/portal\/wp-json\/wp\/v2\/posts\/7622","targetHints":{"allow":["GET"]}}],"collection":[{"href":"http:\/\/www.camposaltos.mg.gov.br\/portal\/wp-json\/wp\/v2\/posts"}],"about":[{"href":"http:\/\/www.camposaltos.mg.gov.br\/portal\/wp-json\/wp\/v2\/types\/post"}],"author":[{"embeddable":true,"href":"http:\/\/www.camposaltos.mg.gov.br\/portal\/wp-json\/wp\/v2\/users\/1"}],"replies":[{"embeddable":true,"href":"http:\/\/www.camposaltos.mg.gov.br\/portal\/wp-json\/wp\/v2\/comments?post=7622"}],"version-history":[{"count":0,"href":"http:\/\/www.camposaltos.mg.gov.br\/portal\/wp-json\/wp\/v2\/posts\/7622\/revisions"}],"wp:featuredmedia":[{"embeddable":true,"href":"http:\/\/www.camposaltos.mg.gov.br\/portal\/wp-json\/wp\/v2\/media\/7623"}],"wp:attachment":[{"href":"http:\/\/www.camposaltos.mg.gov.br\/portal\/wp-json\/wp\/v2\/media?parent=7622"}],"wp:term":[{"taxonomy":"category","embeddable":true,"href":"http:\/\/www.camposaltos.mg.gov.br\/portal\/wp-json\/wp\/v2\/categories?post=7622"},{"taxonomy":"post_tag","embeddable":true,"href":"http:\/\/www.camposaltos.mg.gov.br\/portal\/wp-json\/wp\/v2\/tags?post=7622"},{"taxonomy":"post_folder","embeddable":true,"href":"http:\/\/www.camposaltos.mg.gov.br\/portal\/wp-json\/wp\/v2\/post_folder?post=7622"}],"curies":[{"name":"wp","href":"https:\/\/api.w.org\/{rel}","templated":true}]}}